{"id":9351,"date":"2014-12-23T10:20:35","date_gmt":"2014-12-23T13:20:35","guid":{"rendered":"http:\/\/hachebeauty.com\/?p=9351"},"modified":"2014-12-23T10:20:35","modified_gmt":"2014-12-23T13:20:35","slug":"nochebuena-para-todos-y-hache-beauty","status":"publish","type":"post","link":"https:\/\/www.hachebeauty.com.ar\/?p=9351","title":{"rendered":"Nochebuena Para Todos y Hache Beauty"},"content":{"rendered":"<p>Estoy feliz de poder contarles que antes de ayer, domingo 21 de diciembre, estuve en Costa Salguero para entregar la caja Navide\u00f1a que prepar\u00e9 para la iniciativa <a href=\"http:\/\/nochebuenaparatodos.com.ar\">Nochebuena Para Todos<\/a>. Hace tiempo que ten\u00eda ganas de participar de alg\u00fan proyecto solidario con el blog y record\u00e9 que en un trabajo anterior hab\u00edamos armado cajas. Me contact\u00e9 con los organizadores de Nochebuena Para Todos y me asignaron una familia que recibir\u00e1 lo que arm\u00e9 con la ayuda de muchas de ustedes.<br \/>\n<a href=\"http:\/\/hachebeauty.com\/wp-content\/uploads\/2014\/12\/hachebeauty-nochebuena.jpg\"><img loading=\"lazy\" decoding=\"async\" class=\"aligncenter size-full wp-image-9392\" src=\"http:\/\/hachebeauty.com\/wp-content\/uploads\/2014\/12\/hachebeauty-nochebuena.jpg\" alt=\"hachebeauty nochebuena\" width=\"592\" height=\"700\" \/><\/a><\/p>\n<p>Para armar la caja organic\u00e9 la Feria Solidaria Hache Beauty. Lo hice en Facebook y, por ser la primera vez, invit\u00e9 a participar a la familia, los amigos y otros conocidos. Puse a la venta productos que recibo por el blog y que, por diferentes motivos, no utilizo. A veces me env\u00edan cremas que no son para mi tipo de piel o simplemente los tengo repetidos. Si bien regalo muchas de las cosas a mis seres queridos, la realidad es que ten\u00eda bastante acumulado. Por suerte muchas chicas se entusiasmaron con la idea y colaboraron comprando varios de los productos, que ten\u00edan descuentos s\u00faper interesantes!<br \/>\n<a href=\"http:\/\/hachebeauty.com\/wp-content\/uploads\/2014\/12\/hachebeauty-nochebuena-1.jpg\"><img loading=\"lazy\" decoding=\"async\" class=\"aligncenter size-full wp-image-9393\" src=\"http:\/\/hachebeauty.com\/wp-content\/uploads\/2014\/12\/hachebeauty-nochebuena-1.jpg\" alt=\"hachebeauty nochebuena 1\" width=\"592\" height=\"700\" \/><\/a><\/p>\n<p>Nochebuena Para Todos es una iniciativa que propone reunir a dos familias en la noche previa a la Navidad. Al inscribirme me asignaron una familia, me mandaron la lista de lo que deb\u00eda contener la caja y las explicaciones para armarla correctamente. Voluntarios de\u00a0C\u00e1ritas\u00a0relevan la situaci\u00f3n de las familias en distintos puntos del pa\u00eds y realizan un trabajo de campo en el que se acercan para conocer de cerca la realidad de quienes m\u00e1s necesitan ayuda. Realmente fue un momento hermoso armar la caja, decorarla y, finalmente, llevarla para que le llegue a la familia Teves, en Chaco. Gracias a la colaboraci\u00f3n de todas las que participaron de la feria pude comprar todo lo que dec\u00eda la lista y tambi\u00e9n los sugeridos. Inclu\u00ed un peque\u00f1o \u00e1rbol de Navidad y sus decoraciones, as\u00ed como una carta y regalitos para los miembros de la familia.<\/p>\n<p>Es la primera vez que realizo una acci\u00f3n de este estilo desde el blog y luego de la experiencia tan positiva voy a continuar colaborando con otras causas a lo largo del a\u00f1o. Quiero destacar el profesionalismo de la gente de Nochebuena Para Todos, ya que desde el primer momento me respondieron el mail y el domingo en la entrega todo estaba s\u00faper organizado y transparente. Me pasa que muchas veces quiero ayudar pero no se bien qu\u00e9 entidades trabajan con responsabilidad o si la ayuda llega realmente a quienes lo necesitan. Si tienen ganas les recomiendo que el a\u00f1o que viene se anoten en Nochebuena Para Todos y colaboren, ya que la experiencia es hermosa y la ayuda es concreta.<br \/>\n<a href=\"http:\/\/hachebeauty.com\/wp-content\/uploads\/2014\/12\/hachebeauty-nochebuena-2.jpg\"><img loading=\"lazy\" decoding=\"async\" class=\"aligncenter size-full wp-image-9394\" src=\"http:\/\/hachebeauty.com\/wp-content\/uploads\/2014\/12\/hachebeauty-nochebuena-2.jpg\" alt=\"hachebeauty nochebuena 2\" width=\"592\" height=\"800\" \/><\/a><\/p>\n<p>Quiero agradecerles a todos los que me ayudaron a concretar el armado de la caja: a quienes compraron en la feria, a quienes no compraron pero me mandaron mensajes cari\u00f1osos, a mi novio que me ayud\u00f3 a llevar la caja y se entusiasm\u00f3 desde el comienzo y a quienes leen el blog, que me inspiran y animan a seguir generando proyectos!<br \/>\nEspero de todo coraz\u00f3n que pasen una Nochebuena en paz, con amor y alegr\u00eda.\u00a0Al margen de si les toca pasarla con alguien a quien no\u00a0tienen ganas de ver o si est\u00e1n en una situaci\u00f3n no tan favorable. Les mando mis mejores deseos. Gracias y hasta ma\u00f1ana!<\/p>\n","protected":false},"excerpt":{"rendered":"<p>Estoy feliz de poder contarles que antes de ayer, domingo 21 de diciembre, estuve en Costa Salguero para entregar la caja Navide\u00f1a que prepar\u00e9 para la iniciativa Nochebuena Para Todos. Hace tiempo que ten\u00eda ganas de participar de alg\u00fan proyecto solidario con el blog y record\u00e9 que en un trabajo anterior hab\u00edamos armado cajas. Me [&hellip;]<\/p>\n","protected":false},"author":2,"featured_media":0,"comment_status":"open","ping_status":"open","sticky":false,"template":"","format":"standard","meta":{"footnotes":""},"categories":[1],"tags":[1350,678,552,1351,1349],"class_list":["post-9351","post","type-post","status-publish","format-standard","hentry","category-uncategorized","tag-caja-navidena","tag-hache-beauty","tag-navidad","tag-nochebuena-para-todos","tag-solidaridad"],"amp_enabled":true,"_links":{"self":[{"href":"https:\/\/www.hachebeauty.com.ar\/index.php?rest_route=\/wp\/v2\/posts\/9351","targetHints":{"allow":["GET"]}}],"collection":[{"href":"https:\/\/www.hachebeauty.com.ar\/index.php?rest_route=\/wp\/v2\/posts"}],"about":[{"href":"https:\/\/www.hachebeauty.com.ar\/index.php?rest_route=\/wp\/v2\/types\/post"}],"author":[{"embeddable":true,"href":"https:\/\/www.hachebeauty.com.ar\/index.php?rest_route=\/wp\/v2\/users\/2"}],"replies":[{"embeddable":true,"href":"https:\/\/www.hachebeauty.com.ar\/index.php?rest_route=%2Fwp%2Fv2%2Fcomments&post=9351"}],"version-history":[{"count":0,"href":"https:\/\/www.hachebeauty.com.ar\/index.php?rest_route=\/wp\/v2\/posts\/9351\/revisions"}],"wp:attachment":[{"href":"https:\/\/www.hachebeauty.com.ar\/index.php?rest_route=%2Fwp%2Fv2%2Fmedia&parent=9351"}],"wp:term":[{"taxonomy":"category","embeddable":true,"href":"https:\/\/www.hachebeauty.com.ar\/index.php?rest_route=%2Fwp%2Fv2%2Fcategories&post=9351"},{"taxonomy":"post_tag","embeddable":true,"href":"https:\/\/www.hachebeauty.com.ar\/index.php?rest_route=%2Fwp%2Fv2%2Ftags&post=9351"}],"curies":[{"name":"wp","href":"https:\/\/api.w.org\/{rel}","templated":true}]}}