{"id":9138,"date":"2014-11-04T16:09:40","date_gmt":"2014-11-04T19:09:40","guid":{"rendered":"http:\/\/hachebeauty.com\/?p=9138"},"modified":"2014-11-04T16:09:40","modified_gmt":"2014-11-04T19:09:40","slug":"proyecto-deco-comienzo-inspiraciones","status":"publish","type":"post","link":"https:\/\/www.hachebeauty.com.ar\/?p=9138","title":{"rendered":"Proyecto Decoraci\u00f3n: comienzo e inspiraciones"},"content":{"rendered":"<p><a href=\"http:\/\/hachebeauty.com\/wp-content\/uploads\/2014\/11\/slider-proyecto-deco.jpg\"><img loading=\"lazy\" decoding=\"async\" class=\"aligncenter size-full wp-image-9161\" src=\"http:\/\/hachebeauty.com\/wp-content\/uploads\/2014\/11\/slider-proyecto-deco.jpg\" alt=\"slider proyecto deco\" width=\"650\" height=\"260\" \/><\/a><br \/>\nVieron cuando tienen un proyecto en mente y les cuesta concretarlo? Excusas al margen, organizar mis accesorios, carteras, zapatos, maquillaje y otras pertenencias fue mi objetivo inconcluso durante meses. Comenc\u00e9 el a\u00f1o queriendo hacer cambios y al volver de vacaciones (fin de febrero), la repisa que hab\u00eda querido sacar hac\u00eda tiempo hab\u00eda desaparecido. No fue magia, sino que en mi ausencia apareci\u00f3 una humedad grande en la pared y para arreglarla hubo que descolgar el mueble no deseado (#ideal). Con ese\u00a0puntapi\u00e9 comenc\u00e9 a hacer algunos cambios, que solo pude terminar de concretar la semana pasada. Demor\u00e9, pero lo logr\u00e9 y estoy muy contenta con el resultado.<\/p>\n<p>En el comienzo del proceso de organizaci\u00f3n busqu\u00e9 inspiraci\u00f3n en <a href=\"http:\/\/pinterest.com\/hachebeauty\">Pinterest<\/a>, una herramienta fundamental a la que recurro a diario. Con las referencias en mente y a disposici\u00f3n para mostrar comenc\u00e9 a buscar proveedores que pudieran ayudarme a cumplir mis objetivos. En los pr\u00f3ximos posts voy a contarles sobre los muebles, los exhibidores para los accesorios y el maquillaje y tambi\u00e9n voy a darles algunos consejos\u00a0de organizaci\u00f3n. A continuaci\u00f3n voy a mostrarles mi inspiraci\u00f3n para el proyecto de organizaci\u00f3n.<a href=\"http:\/\/hachebeauty.com\/wp-content\/uploads\/2014\/11\/deco-1.jpg\"><img loading=\"lazy\" decoding=\"async\" class=\"aligncenter size-full wp-image-9151\" src=\"http:\/\/hachebeauty.com\/wp-content\/uploads\/2014\/11\/deco-1.jpg\" alt=\"deco 1\" width=\"620\" height=\"930\" \/><\/a> <a href=\"http:\/\/hachebeauty.com\/wp-content\/uploads\/2014\/11\/deco-2.jpg\"><img loading=\"lazy\" decoding=\"async\" class=\"aligncenter size-large wp-image-9152\" src=\"http:\/\/hachebeauty.com\/wp-content\/uploads\/2014\/11\/deco-2.jpg\" alt=\"deco 2\" width=\"500\" height=\"350\" \/><\/a> <a href=\"http:\/\/hachebeauty.com\/wp-content\/uploads\/2014\/11\/deco-3.jpg\"><img loading=\"lazy\" decoding=\"async\" class=\"aligncenter size-large wp-image-9153\" src=\"http:\/\/hachebeauty.com\/wp-content\/uploads\/2014\/11\/deco-3.jpg\" alt=\"deco 3\" width=\"383\" height=\"559\" \/><\/a> <a href=\"http:\/\/hachebeauty.com\/wp-content\/uploads\/2014\/11\/deco-4.jpg\"><img loading=\"lazy\" decoding=\"async\" class=\"aligncenter size-large wp-image-9154\" src=\"http:\/\/hachebeauty.com\/wp-content\/uploads\/2014\/11\/deco-4.jpg\" alt=\"deco 4\" width=\"550\" height=\"830\" \/><\/a> <a href=\"http:\/\/hachebeauty.com\/wp-content\/uploads\/2014\/11\/deco-5.jpg\"><img loading=\"lazy\" decoding=\"async\" class=\"aligncenter size-large wp-image-9155\" src=\"http:\/\/hachebeauty.com\/wp-content\/uploads\/2014\/11\/deco-5.jpg\" alt=\"deco 5\" width=\"535\" height=\"600\" \/><\/a> <a href=\"http:\/\/hachebeauty.com\/wp-content\/uploads\/2014\/11\/deco-6.jpg\"><img loading=\"lazy\" decoding=\"async\" class=\"aligncenter size-large wp-image-9156\" src=\"http:\/\/hachebeauty.com\/wp-content\/uploads\/2014\/11\/deco-6.jpg\" alt=\"deco 6\" width=\"546\" height=\"580\" \/><\/a><\/p>\n<p>Mis objetivos principales eran dos: <strong>orden y visibilidad<\/strong>. Quer\u00eda tener todo bien organizado y a su vez poder verlo. Despu\u00e9s de intentar diferentes estrategias a lo largo de mi vida, llegu\u00e9 a la conclusi\u00f3n que lo mejor es poder ver bien lo que uno tiene. Si todo esta guardado en cajas y cajitas es muy dif\u00edcil disponer\u00a0con facilidad y rapidez de\u00a0nuestras pertenencias. Cuando nos vestimos a la ma\u00f1ana o pensamos en lo que nos vamos a poner para cierta ocasi\u00f3n es mucho m\u00e1s pr\u00e1ctico saber con qu\u00e9 elementos contamos. Con esos dos objetivos en mente eleg\u00ed un tipo de mueble abierto con cubos y organizadores de accesorios de acr\u00edlico.<\/p>\n<p>Como habr\u00e1n visto las inspiraciones\u00a0son bastante claras: orden y visibilidad son las constantes en las fotos que seleccion\u00e9. Hab\u00eda muchas m\u00e1s, pero me parece que alcanzan para ilustrar el concepto. En los pr\u00f3ximos posts ver\u00e1n c\u00f3mo qued\u00f3 cada parte y los diferentes proveedores. Espero que les haya gustado el post y la propuesta general. Les gustar\u00eda ver posts de decoraci\u00f3n en el blog? Muchas gracias y hasta ma\u00f1ana!<\/p>\n","protected":false},"excerpt":{"rendered":"<p>Vieron cuando tienen un proyecto en mente y les cuesta concretarlo? Excusas al margen, organizar mis accesorios, carteras, zapatos, maquillaje y otras pertenencias fue mi objetivo inconcluso durante meses. Comenc\u00e9 el a\u00f1o queriendo hacer cambios y al volver de vacaciones (fin de febrero), la repisa que hab\u00eda querido sacar hac\u00eda tiempo hab\u00eda desaparecido. No fue [&hellip;]<\/p>\n","protected":false},"author":2,"featured_media":9161,"comment_status":"open","ping_status":"open","sticky":false,"template":"","format":"standard","meta":{"footnotes":""},"categories":[798,8,242,9,699],"tags":[799,1001,31,1322,491,1199],"class_list":["post-9138","post","type-post","status-publish","format-standard","has-post-thumbnail","hentry","category-accesorios","category-compras","category-fragancias","category-guia-de-compras","category-slider","tag-accesorios-2","tag-carteras","tag-decoracion","tag-habitacion","tag-organizacion-2","tag-zapatos"],"amp_enabled":true,"_links":{"self":[{"href":"https:\/\/www.hachebeauty.com.ar\/index.php?rest_route=\/wp\/v2\/posts\/9138","targetHints":{"allow":["GET"]}}],"collection":[{"href":"https:\/\/www.hachebeauty.com.ar\/index.php?rest_route=\/wp\/v2\/posts"}],"about":[{"href":"https:\/\/www.hachebeauty.com.ar\/index.php?rest_route=\/wp\/v2\/types\/post"}],"author":[{"embeddable":true,"href":"https:\/\/www.hachebeauty.com.ar\/index.php?rest_route=\/wp\/v2\/users\/2"}],"replies":[{"embeddable":true,"href":"https:\/\/www.hachebeauty.com.ar\/index.php?rest_route=%2Fwp%2Fv2%2Fcomments&post=9138"}],"version-history":[{"count":0,"href":"https:\/\/www.hachebeauty.com.ar\/index.php?rest_route=\/wp\/v2\/posts\/9138\/revisions"}],"wp:featuredmedia":[{"embeddable":true,"href":"https:\/\/www.hachebeauty.com.ar\/index.php?rest_route=\/"}],"wp:attachment":[{"href":"https:\/\/www.hachebeauty.com.ar\/index.php?rest_route=%2Fwp%2Fv2%2Fmedia&parent=9138"}],"wp:term":[{"taxonomy":"category","embeddable":true,"href":"https:\/\/www.hachebeauty.com.ar\/index.php?rest_route=%2Fwp%2Fv2%2Fcategories&post=9138"},{"taxonomy":"post_tag","embeddable":true,"href":"https:\/\/www.hachebeauty.com.ar\/index.php?rest_route=%2Fwp%2Fv2%2Ftags&post=9138"}],"curies":[{"name":"wp","href":"https:\/\/api.w.org\/{rel}","templated":true}]}}