{"id":8655,"date":"2014-06-25T15:05:21","date_gmt":"2014-06-25T18:05:21","guid":{"rendered":"http:\/\/hachebeauty.com\/?p=8655"},"modified":"2014-06-25T15:05:21","modified_gmt":"2014-06-25T18:05:21","slug":"mi-experiencia-con-la-linea-datil-del-desierto-de-klorane","status":"publish","type":"post","link":"https:\/\/www.hachebeauty.com.ar\/?p=8655","title":{"rendered":"Mi experiencia con la l\u00ednea D\u00e1til del Desierto de Klorane"},"content":{"rendered":"<p><a href=\"http:\/\/hachebeauty.com\/wp-content\/uploads\/2014\/06\/klorane-datil-del-desierto-argentina-1.jpg\"><img loading=\"lazy\" decoding=\"async\" class=\"aligncenter size-full wp-image-8680\" src=\"http:\/\/hachebeauty.com\/wp-content\/uploads\/2014\/06\/klorane-datil-del-desierto-argentina-1.jpg\" alt=\"klorane datil del desierto argentina 1\" width=\"592\" height=\"350\" \/><\/a><br \/>\nEl estado del cabello, al igual que la piel, cambia a lo largo del a\u00f1o (y porqu\u00e9 no del mes!) debido a las actividades que realizamos, los distintos factores a los que nos exponemos, el ritmo de vida intenso, etc. Es importante estar atentas a las necesidades del cabello para poder cuidarlo de la forma adecuada en cada momento. Lo que nos funcion\u00f3 hace dos a\u00f1os puede no hacernos efecto hoy y en mi caso lo mejor es probar nuevos productos con ingredientes diferentes.<\/p>\n<p>Un cabello seco, da\u00f1ado y quebradizo tiene necesidades precisas y requiere un tratamiento completo hasta el <strong>n\u00facleo de su estructura<\/strong>. Contrariamente al cabello \u201cseco\u201d cuya reparaci\u00f3n puede hacerse por una acci\u00f3n nutritiva en superficie, para este cabello particularmente exigente es necesario actuar a <strong>3 niveles<\/strong> para una reparaci\u00f3n integral: Reparar profundamente &#8211; Nutrir &#8211; Proteger en la superficie.<\/p>\n<p>Seg\u00fan la intensidad y la frecuencia de la agresi\u00f3n del tallo piloso por <strong>factores internos<\/strong> (edad, herencia, estr\u00e9s, carencia fisiol\u00f3gica de sebo) y\/o <strong>externos<\/strong> (cepillados agresivos, coloraci\u00f3n, permanente, planchado), es posible determinar diferentes fases de alteraci\u00f3n del cabello que van del desecamiento del tallo piloso hasta el riesgo de rotura relacionado con la desestructuraci\u00f3n. Las manifestaciones m\u00e1s visibles son la falta de suavidad, brillo y resistencia: los cabellos se vuelven apagados y dif\u00edciles de desenredar, presentan una textura tipo \u201cpaja\u201d, puntas partidas y se quiebran al cepillarlos.<\/p>\n<p>Hace un tiempo\u00a0prob\u00e9 la l\u00ednea de <a href=\"http:\/\/facebook.com\/KloraneArgentina\">Klorane<\/a> con D\u00e1til del Desierto y quiero contarles mi experiencia:<\/p>\n<p><strong>Shampoo D\u00e1til del Desierto<\/strong>:<br \/>\nTiene un color naranja nacarado que me llam\u00f3 la atenci\u00f3n y es de consistencia media (ni muy l\u00edquido ni s\u00faper denso). Al aplicarlo hay que masajear bien el cuero cabelludo y, por suerte, no se siente grasoso ni pesado. Al momento de llegar a las puntas hay que pasar el producto con cuidado y evitar fregar como si fuera ropa. Les recomiendo enjuagarlo con abundante agua y que no est\u00e9 s\u00faper caliente. Al retirar el producto el pelo se siente limpio y me result\u00f3 fundamental sumar un acondicionador para lograr mayor suavidad. Algo bueno es que no es necesaria una gran cantidad de producto para lavar todo el cabello (mi largo es 8 cm por debajo del hombro aprox.). La fragancia es muy agradable y\u00a0no resulta\u00a0invasiva.<br \/>\n<a href=\"http:\/\/hachebeauty.com\/wp-content\/uploads\/2014\/06\/klorane-datil-del-desierto-argentina-2.jpg\"><img loading=\"lazy\" decoding=\"async\" class=\"aligncenter size-full wp-image-8682\" src=\"http:\/\/hachebeauty.com\/wp-content\/uploads\/2014\/06\/klorane-datil-del-desierto-argentina-2.jpg\" alt=\"klorane datil del desierto argentina 2\" width=\"592\" height=\"300\" \/><\/a><\/p>\n<p><strong>M\u00e1scarilla D\u00e1til del Desierto<\/strong>:<br \/>\nLa forma correcta de usar la m\u00e1scara es con el pelo limpio y h\u00famedo (no completamente mojado), ya que de esa forma el producto no se desliza por el pelo sin efecto alguno. Aclaro esto porque, a pesar de haber le\u00eddo las instrucciones, la primera vez no lo us\u00e9 de esa forma y no vi resultados. Usada correctamente la m\u00e1scara deja el pelo suave y f\u00e1cil de desenredar. No hace falta usar mucha cantidad y lo ideal es comenzar desde las puntas, para evitar que llegue exceso de crema al cuero cabelludo.<br \/>\nLa mascarilla promete\u00a0penetrar en el n\u00facleo de la fibra capilar, cubrir las brechas profundas de la queratina y sellar las escamas de la cut\u00edcula para una reparaci\u00f3n integral del tallo piloso.<br \/>\n<a href=\"http:\/\/hachebeauty.com\/wp-content\/uploads\/2014\/06\/klorane-datil-del-desierto-argentina-3.jpg\"><img loading=\"lazy\" decoding=\"async\" class=\"aligncenter size-full wp-image-8683\" src=\"http:\/\/hachebeauty.com\/wp-content\/uploads\/2014\/06\/klorane-datil-del-desierto-argentina-3.jpg\" alt=\"klorane datil del desierto argentina 3\" width=\"592\" height=\"300\" \/><\/a><\/p>\n<p>Otro producto de la l\u00ednea D\u00e1til del Desierto que no prob\u00e9:<\/p>\n<p><b>Crema de d\u00eda sin enjuague D\u00e1til del Desierto:\u00a0<\/b>A la vez fluida y fundante, la crema de d\u00eda nutre, repara y protege los largos y las puntas secas, da\u00f1adas y quebradizas sin compactar la cabellera.Cuidado nutritivo diario sin aclarado que recubre el cabello\u00a0 y facilita el peinado: el cabello est\u00e1 protegido, conserva toda su flexibilidad y su elasticidad. Se puede utilizar con tanta frecuencia como se desee entre los rituales de cuidado diario.<br \/>\nComo les digo siempre, es necesario el uso continuo de los productos para notar resultados. Recuerden que la constancia y el correcto uso marcan la diferencia. La marca Klorane se preocupa por el cuidado del medio ambiente y para extraer el ingrediente que caracteriza a la colecci\u00f3n D\u00e1til del Desierto se siguen rigurosas pautas.<\/p>\n<p>Qu\u00e9 dice Klorane sobre el D\u00e1til del Desierto<\/p>\n<p>El <strong>Instituto Klorane,<\/strong> promotor de la protecci\u00f3n y valorizaci\u00f3n del patrimonio vegetal, impulsa junto a 11 gobiernos africanos la creaci\u00f3n de lo que se denomina la \u201cGran Muralla Verde\u201d, un cintur\u00f3n vegetal de 7.000 km de largo y 15 km de ancho desde Dakar a Yibuti, con el compromiso de luchar contra la desertificaci\u00f3n y la pobreza de Sahel, en Senegal. Esta ciudad fue v\u00edctima de innumerables sequ\u00edas producto de la excedida explotaci\u00f3n de sus bosques.<\/p>\n<p>As\u00ed, se seleccionaron <strong>4 especies vegetales<\/strong> por su capacidad de r\u00e1pida recuperaci\u00f3n de este ambiente, entre ellas, la <strong>Palmera del D\u00e1til del Desierto<\/strong>.<\/p>\n<p>El <strong>D\u00e1til del desierto<\/strong> tiene la capacidad de optimizar los bajos recursos y las condiciones de extrema sequedad que su entorno le ofrece, para crear inmejorables reservas h\u00eddricas y lip\u00eddicas que le permitan sobrevivir hasta 2 a\u00f1os en ausencia total de agua. Todo ello, permaneciendo en perfecto estado de nutrici\u00f3n e hidrataci\u00f3n, y dando como resultado frutos de una riqueza extraordinaria.<\/p>\n<p>Cosechados a mano en el <strong>respeto del ecosistema,<\/strong> bajo la rigurosidad y <em>expertise<\/em> en<strong> Bot\u00e1nica de Precisi\u00f3n<\/strong> de los Laboratorios Pierre Fabre, los d\u00e1tiles son delicadamente despulpados y triturados localmente a mano antes de enviar las almendras \u2013el fruto de la planta \u2013 a la usina de Klorane \u00a0para obtener un extracto puro que incorpora no s\u00f3lo la parte lip\u00f3fila -que compone habitualmente las mantequillas o los aceites- sino tambi\u00e9n la parte hidr\u00f3fila, respetando la rigurosidad de los principios de la qu\u00edmica verde.<br \/>\n<a href=\"http:\/\/hachebeauty.com\/wp-content\/uploads\/2014\/06\/klorane-datil-del-desierto-argentina-4.jpg\"><img loading=\"lazy\" decoding=\"async\" class=\"aligncenter size-full wp-image-8685\" src=\"http:\/\/hachebeauty.com\/wp-content\/uploads\/2014\/06\/klorane-datil-del-desierto-argentina-4.jpg\" alt=\"klorane datil del desierto argentina 4\" width=\"592\" height=\"300\" \/><\/a><\/p>\n<p>El post se hizo largo, pero creo que es importante contarles bien los detalles sobre la extracci\u00f3n del D\u00e1til del Desierto, ya que es una de las caracter\u00edsticas principales de la marca. Me gustar\u00eda saber si ustedes ya probaron otros productos de Klorane y c\u00f3mo les resultaron. En mi caso, si bien no tengo el pelo s\u00faper seco, me ayud\u00f3 para recuperar el cabello despu\u00e9s del verano. Muchas gracias y hasta la pr\u00f3xima!<\/p>\n<p><a href=\"http:\/\/hachebeauty.com\/wp-content\/uploads\/2013\/12\/aviso-producto-recibido.jpg\"><img loading=\"lazy\" decoding=\"async\" class=\"aligncenter size-full wp-image-7527\" src=\"http:\/\/hachebeauty.com\/wp-content\/uploads\/2013\/12\/aviso-producto-recibido.jpg\" alt=\"aviso producto recibido\" width=\"592\" height=\"50\" \/><\/a><\/p>\n","protected":false},"excerpt":{"rendered":"<p>El estado del cabello, al igual que la piel, cambia a lo largo del a\u00f1o (y porqu\u00e9 no del mes!) debido a las actividades que realizamos, los distintos factores a los que nos exponemos, el ritmo de vida intenso, etc. Es importante estar atentas a las necesidades del cabello para poder cuidarlo de la forma [&hellip;]<\/p>\n","protected":false},"author":2,"featured_media":0,"comment_status":"open","ping_status":"open","sticky":false,"template":"","format":"standard","meta":{"footnotes":""},"categories":[15,6],"tags":[1267,1268,1210,251],"class_list":["post-8655","post","type-post","status-publish","format-standard","hentry","category-cabello","category-reviews","tag-datil-del-desierto","tag-klorane","tag-mascarilla","tag-shampoo"],"amp_enabled":true,"_links":{"self":[{"href":"https:\/\/www.hachebeauty.com.ar\/index.php?rest_route=\/wp\/v2\/posts\/8655","targetHints":{"allow":["GET"]}}],"collection":[{"href":"https:\/\/www.hachebeauty.com.ar\/index.php?rest_route=\/wp\/v2\/posts"}],"about":[{"href":"https:\/\/www.hachebeauty.com.ar\/index.php?rest_route=\/wp\/v2\/types\/post"}],"author":[{"embeddable":true,"href":"https:\/\/www.hachebeauty.com.ar\/index.php?rest_route=\/wp\/v2\/users\/2"}],"replies":[{"embeddable":true,"href":"https:\/\/www.hachebeauty.com.ar\/index.php?rest_route=%2Fwp%2Fv2%2Fcomments&post=8655"}],"version-history":[{"count":0,"href":"https:\/\/www.hachebeauty.com.ar\/index.php?rest_route=\/wp\/v2\/posts\/8655\/revisions"}],"wp:attachment":[{"href":"https:\/\/www.hachebeauty.com.ar\/index.php?rest_route=%2Fwp%2Fv2%2Fmedia&parent=8655"}],"wp:term":[{"taxonomy":"category","embeddable":true,"href":"https:\/\/www.hachebeauty.com.ar\/index.php?rest_route=%2Fwp%2Fv2%2Fcategories&post=8655"},{"taxonomy":"post_tag","embeddable":true,"href":"https:\/\/www.hachebeauty.com.ar\/index.php?rest_route=%2Fwp%2Fv2%2Ftags&post=8655"}],"curies":[{"name":"wp","href":"https:\/\/api.w.org\/{rel}","templated":true}]}}