{"id":7028,"date":"2013-09-19T12:18:30","date_gmt":"2013-09-19T15:18:30","guid":{"rendered":"http:\/\/hachebeauty.com\/?p=7028"},"modified":"2013-09-19T12:18:30","modified_gmt":"2013-09-19T15:18:30","slug":"17o-expoestetica-en-buenos-aires","status":"publish","type":"post","link":"https:\/\/www.hachebeauty.com.ar\/?p=7028","title":{"rendered":"17\u00ba Expoest\u00e9tica en Buenos Aires"},"content":{"rendered":"<p><a href=\"http:\/\/hachebeauty.com\/wp-content\/uploads\/2013\/09\/banner.jpg\"><img loading=\"lazy\" decoding=\"async\" class=\"aligncenter size-full wp-image-7030\" alt=\"Print\" src=\"http:\/\/hachebeauty.com\/wp-content\/uploads\/2013\/09\/banner.jpg\" width=\"460\" height=\"530\" \/><\/a><br \/>\nHola chicas, c\u00f3mo est\u00e1n? Mientras preparo nuevos posts (reviews, videos, tutoriales!) se me ocurri\u00f3 contarles sobre la <a href=\"http:\/\/www.expoestetica.net\/\">17\u00ba<\/a>\u00a0<a href=\"http:\/\/www.expoestetica.net\/\">Expoest\u00e9tica<\/a>, una feria que se realizar\u00e1 en Costa Salguero (Buenos Aires) el pr\u00f3ximo fin de semana (21 y 22 de septiembre). Ya fui un par de veces y se las recomiendo a aquellas que est\u00e9n estudiando maquillaje, cosmetolog\u00eda, manicur\u00eda, etc, porque es una buena oportunidad para completar el kit de trabajo o comenzar a armarlo. Hay proveedores de diferentes servicios y materiales fundamentales para desarrollar distintos trabajos, por lo que van a poder hablar y averiguar mucha informaci\u00f3n en un solo lugar.<\/p>\n<p>Hay varias marcas nacionales y tambi\u00e9n algunos importadores que exponen sus productos y tambi\u00e9n ofrecen workshops o demostraciones. Como les dije, es una buena oportunidad para aprender y expandir la red de contactos para aquellas que reci\u00e9n comienzan. Van a poder informarse de forma directa, hacer todas las preguntas que quieran e incluso comprar. La entrada cuesta $50, pero es gratuita para estudiantes o profesionales que se inscriban por internet yque presenten el carnet correspondiente al momento de acreditarse.<\/p>\n<p>Les dejo un poco m\u00e1s de info a continuaci\u00f3n, auqnue tambi\u00e9n podr\u00e1n encontrarla en la p\u00e1gina oficial. Ojal\u00e1 me encuentre con alguna de ustedes, ya que es probable que vaya el domingo por la tarde! La feria est\u00e1 abierta de 10 a 19hs. Si me ven espero conocerlas! Gracias y hasta ma\u00f1ana!<br \/>\n<a href=\"http:\/\/www.expoestetica.net\/entrada.html\">Inscripci\u00f3n online aqu\u00ed<\/a>.<\/p>\n<p><strong>Profesi\u00f3n de los visitantes<\/strong><\/p>\n<p>Cosmetolog\u00eda<br \/>\nDeportolog\u00eda<br \/>\nEst\u00e9tica<br \/>\nKinesiolog\u00eda<br \/>\nManicur\u00eda; U\u00f1as<br \/>\nMaquillaje<br \/>\nMedicina Est\u00e9tica<br \/>\nMicropigmentaci\u00f3n<br \/>\nPedicur\u00eda<br \/>\nPodolog\u00eda<br \/>\nTerapias Alternativas<br \/>\nDepiladoras<br \/>\nMasoterapeutas<br \/>\nProf. de Gym<br \/>\nEstudiantes del ramo<br \/>\n<strong><\/strong><\/p>\n<p><strong>Qu\u00e9 ofrecen los expositores<\/strong><\/p>\n<p>Accesorios<br \/>\nAparatolog\u00eda est\u00e9tica y m\u00e9dica<br \/>\nAromaterapia<br \/>\nCamillas<br \/>\nCeras y sistemas de depilaci\u00f3n<br \/>\nCursos escuelas y capacitaci\u00f3n<br \/>\nDescartables<br \/>\nEquipamiento para Spas<br \/>\nEsculpidas<br \/>\nFranquicias<br \/>\nManicur\u00eda<br \/>\nMaquillaje<br \/>\nMarketing para centros de est\u00e9tica<br \/>\nPedicur\u00eda<br \/>\nPinceler\u00eda<br \/>\nProductos para uso profesional<\/p>\n","protected":false},"excerpt":{"rendered":"<p>Hola chicas, c\u00f3mo est\u00e1n? Mientras preparo nuevos posts (reviews, videos, tutoriales!) se me ocurri\u00f3 contarles sobre la 17\u00ba\u00a0Expoest\u00e9tica, una feria que se realizar\u00e1 en Costa Salguero (Buenos Aires) el pr\u00f3ximo fin de semana (21 y 22 de septiembre). Ya fui un par de veces y se las recomiendo a aquellas que est\u00e9n estudiando maquillaje, cosmetolog\u00eda, [&hellip;]<\/p>\n","protected":false},"author":2,"featured_media":0,"comment_status":"open","ping_status":"open","sticky":false,"template":"","format":"standard","meta":{"footnotes":""},"categories":[15,2,4],"tags":[462,1040,1041],"class_list":["post-7028","post","type-post","status-publish","format-standard","hentry","category-cabello","category-rostro","category-make-up","tag-expoestetica","tag-expoestetica-2013","tag-expoestetica-buenos-aires"],"amp_enabled":true,"_links":{"self":[{"href":"https:\/\/www.hachebeauty.com.ar\/index.php?rest_route=\/wp\/v2\/posts\/7028","targetHints":{"allow":["GET"]}}],"collection":[{"href":"https:\/\/www.hachebeauty.com.ar\/index.php?rest_route=\/wp\/v2\/posts"}],"about":[{"href":"https:\/\/www.hachebeauty.com.ar\/index.php?rest_route=\/wp\/v2\/types\/post"}],"author":[{"embeddable":true,"href":"https:\/\/www.hachebeauty.com.ar\/index.php?rest_route=\/wp\/v2\/users\/2"}],"replies":[{"embeddable":true,"href":"https:\/\/www.hachebeauty.com.ar\/index.php?rest_route=%2Fwp%2Fv2%2Fcomments&post=7028"}],"version-history":[{"count":0,"href":"https:\/\/www.hachebeauty.com.ar\/index.php?rest_route=\/wp\/v2\/posts\/7028\/revisions"}],"wp:attachment":[{"href":"https:\/\/www.hachebeauty.com.ar\/index.php?rest_route=%2Fwp%2Fv2%2Fmedia&parent=7028"}],"wp:term":[{"taxonomy":"category","embeddable":true,"href":"https:\/\/www.hachebeauty.com.ar\/index.php?rest_route=%2Fwp%2Fv2%2Fcategories&post=7028"},{"taxonomy":"post_tag","embeddable":true,"href":"https:\/\/www.hachebeauty.com.ar\/index.php?rest_route=%2Fwp%2Fv2%2Ftags&post=7028"}],"curies":[{"name":"wp","href":"https:\/\/api.w.org\/{rel}","templated":true}]}}