{"id":5319,"date":"2013-04-23T18:00:16","date_gmt":"2013-04-23T21:00:16","guid":{"rendered":"http:\/\/hachebeauty.com\/?p=5319"},"modified":"2013-04-23T18:00:16","modified_gmt":"2013-04-23T21:00:16","slug":"taller-de-nivea-y-beauty-hunter","status":"publish","type":"post","link":"https:\/\/www.hachebeauty.com.ar\/?p=5319","title":{"rendered":"Taller de Nivea y Beauty Hunter"},"content":{"rendered":"<p>El pasado 17 de abril tuve la posibilidad de participar del taller que organizaron<a href=\"http:\/\/beautyhunter.com.ar\"> Beauty Hunter <\/a>y Nivea. La cita fue en el bar Mooi de Belgrano y fue una tarde linda, llena de buena onda e informaci\u00f3n interesante! Durante la charla, Bel\u00e9n Ortega present\u00f3 las tendencias para la temporada y comparti\u00f3 una entrevista que le realiz\u00f3 a la dise\u00f1adora de la marca Cora Groppo, que cre\u00f3 una edici\u00f3n limitada de remeras inspiradas en el concepto de los desodorantes Nivea Black&amp;White. Se sortearon algunas, pero la suerte no estuvo de mi lado! Tambi\u00e9n hubo maquillaje en vivo a cargo de\u00a0Mery Garc\u00eda, que ense\u00f1o como incorporar la tendencia del blanco y negro en el rostro. Les comparto algunas fotos del evento y las animo a que se anoten a los pr\u00f3ximos!<\/p>\n<p><a href=\"http:\/\/hachebeauty.com\/wp-content\/uploads\/2013\/04\/taller-beauty-hunter-1.jpg\"><img loading=\"lazy\" decoding=\"async\" class=\"aligncenter size-full wp-image-5321\" alt=\"taller beauty hunter 1\" src=\"http:\/\/hachebeauty.com\/wp-content\/uploads\/2013\/04\/taller-beauty-hunter-1.jpg\" width=\"592\" height=\"900\" \/><br \/>\n<\/a>Fue un lindo evento en el que me encontr\u00e9 con otras bloggers y me dio muchas ideas para futuros posts! Gracias y hasta ma\u00f1ana!<\/p>\n","protected":false},"excerpt":{"rendered":"<p>El pasado 17 de abril tuve la posibilidad de participar del taller que organizaron Beauty Hunter y Nivea. La cita fue en el bar Mooi de Belgrano y fue una tarde linda, llena de buena onda e informaci\u00f3n interesante! Durante la charla, Bel\u00e9n Ortega present\u00f3 las tendencias para la temporada y comparti\u00f3 una entrevista que [&hellip;]<\/p>\n","protected":false},"author":2,"featured_media":0,"comment_status":"open","ping_status":"open","sticky":false,"template":"","format":"standard","meta":{"footnotes":""},"categories":[2],"tags":[396,76],"class_list":["post-5319","post","type-post","status-publish","format-standard","hentry","category-rostro","tag-nivea","tag-tendencia"],"amp_enabled":true,"_links":{"self":[{"href":"https:\/\/www.hachebeauty.com.ar\/index.php?rest_route=\/wp\/v2\/posts\/5319","targetHints":{"allow":["GET"]}}],"collection":[{"href":"https:\/\/www.hachebeauty.com.ar\/index.php?rest_route=\/wp\/v2\/posts"}],"about":[{"href":"https:\/\/www.hachebeauty.com.ar\/index.php?rest_route=\/wp\/v2\/types\/post"}],"author":[{"embeddable":true,"href":"https:\/\/www.hachebeauty.com.ar\/index.php?rest_route=\/wp\/v2\/users\/2"}],"replies":[{"embeddable":true,"href":"https:\/\/www.hachebeauty.com.ar\/index.php?rest_route=%2Fwp%2Fv2%2Fcomments&post=5319"}],"version-history":[{"count":0,"href":"https:\/\/www.hachebeauty.com.ar\/index.php?rest_route=\/wp\/v2\/posts\/5319\/revisions"}],"wp:attachment":[{"href":"https:\/\/www.hachebeauty.com.ar\/index.php?rest_route=%2Fwp%2Fv2%2Fmedia&parent=5319"}],"wp:term":[{"taxonomy":"category","embeddable":true,"href":"https:\/\/www.hachebeauty.com.ar\/index.php?rest_route=%2Fwp%2Fv2%2Fcategories&post=5319"},{"taxonomy":"post_tag","embeddable":true,"href":"https:\/\/www.hachebeauty.com.ar\/index.php?rest_route=%2Fwp%2Fv2%2Ftags&post=5319"}],"curies":[{"name":"wp","href":"https:\/\/api.w.org\/{rel}","templated":true}]}}