{"id":4720,"date":"2013-05-16T13:53:44","date_gmt":"2013-05-16T16:53:44","guid":{"rendered":"http:\/\/hachebeauty.com\/?p=4720"},"modified":"2013-05-16T13:53:44","modified_gmt":"2013-05-16T16:53:44","slug":"review-primer-the-porefessional-de-benefit","status":"publish","type":"post","link":"https:\/\/www.hachebeauty.com.ar\/?p=4720","title":{"rendered":"Review: primer The Porefessional de Benefit"},"content":{"rendered":"<p>Por fin! Hace tiempo quer\u00eda hacer el review de uno de mis productos preferidos de los \u00faltimos meses: The Porefessional de Benefit. Lo compr\u00e9 en un viaje en noviembre pasado y recientemente en Chile renov\u00e9 el stock para evitar quedarme sin (#fanatica). Considero que es uno de los productos m\u00e1s codiciados, comentados y rese\u00f1ados en el mundo de los blogs de belleza y cada vez que lo nombran hay suspiros (#juro #noexagero). La fama que tiene es merecida porque es un muy buen primer y definitivamente cumple lo promete.<\/p>\n<p><a href=\"http:\/\/hachebeauty.com\/wp-content\/uploads\/2013\/05\/porefessional-benefit-review.jpg\"><img loading=\"lazy\" decoding=\"async\" class=\"aligncenter size-full wp-image-5626\" alt=\"porefessional benefit review\" src=\"http:\/\/hachebeauty.com\/wp-content\/uploads\/2013\/05\/porefessional-benefit-review.jpg\" width=\"592\" height=\"500\" \/><br \/>\n<\/a><strong>Color<\/strong>\u2192 Si bien al sacarlo del envase tiene un color beige dudoso, al aplicarlo sobre la piel no deja ning\u00fan tipo de pigmento ni afecta la forma en que se ve la base.<br \/>\n<strong>Textura<\/strong>\u00a0\u2192 Ni bien sale el producto del envase es como una crema bastante densa y suave. Al aplicarlo sobre la piel se convierte en una seda (literal!) y deja la piel m\u00e1s que lista para aplicarle la base. La textura es, sin dudas, uno de los puntos m\u00e1s fuertes del producto, porque es f\u00e1cil de manejar y queda incre\u00edble.<br \/>\n<strong>Aplicaci\u00f3n<\/strong>\u00a0\u2192 Para aplicar The Porefessional uso los dedos. Si bien no soy muy amiga de usar mis manos para aplicar maquillaje directo sobre la cara, como se trata de un primer prefiero hacerlo de esa forma. Primero coloco un poco entre mis dedos y despu\u00e9s concentro el producto en la nariz y hacia los costados, que es donde tengo los poros visiblemente dilatados. Lo distribuyo bien y el resto lo aplico entre las cejas o en la frente.<br \/>\n<strong>Duraci\u00f3n<\/strong>\u00a0\u2192 Cuando uso el producto es porque necesito tener la piel impecable por mucho tiempo y en ocasiones como eventos, d\u00edas largos de trabajo o cuando s\u00e9 que voy a tener que salir en alguna foto! La verdad es que no tengo quejas y el efecto de piel perfecta dura lo necesario para no arrepentirme de haberlo usado. Lo recomiendo mucho en este aspecto.<br \/>\n<strong>Packaging<\/strong>\u00a0\u2192 The Porefessional viene en forma de tubito (#cl\u00e1sico) y se puede\u00a0dosificar\u00a0la cantidad que se extrae con facilidad. Lo \u00fanico que me molesta es que tengo que romper el packaging para extraer los restos de producto cuando se est\u00e1 por terminar. No me gusta desperdiciar!<\/p>\n<p><a href=\"http:\/\/hachebeauty.com\/wp-content\/uploads\/2013\/05\/porefessional-benefit-swatch.jpg\"><img loading=\"lazy\" decoding=\"async\" class=\"aligncenter size-full wp-image-5621\" alt=\"porefessional benefit swatch\" src=\"http:\/\/hachebeauty.com\/wp-content\/uploads\/2013\/05\/porefessional-benefit-swatch.jpg\" width=\"592\" height=\"350\" \/><br \/>\n<\/a>Los poros dilatados son uno de esos problemas de la piel que si lo ten\u00e9s&#8230;.te atormenta. Soy una de las atormentadas y desde hace a\u00f1os libro una batalla para disminuir visiblemente el tama\u00f1o de los poros. Como ya les cont\u00e9 en otras oportunidades, diariamente uso los tres pasos de Clinique (aunque cada vez uso m\u00e1s pasos&#8230;) y complemento con el serum llamado Pore Minimizer. Al estar obsesionada con el tema decid\u00ed comprar The Porefessional para lograr mejores maquillajes y tenerlo como un aliado a la hora de preparar la piel. La verdad es que hoy lo recomiendo, porque es un muy buen producto que me proporciona buenos resultados usando poca cantidad.<br \/>\nThe Porefessional disminuye de forma visible el tama\u00f1o de los poros y no es un producto de tratamiento progresivo (#valeaclarar). En Argentina no est\u00e1 de forma oficial, pero recientemente en <a href=\"http:\/\/www.asos.com\/Benefit\/Benefit-Pore-Fessional-Pro-Balm-To-Minimise-Pores-22ml\/Prod\/pgeproduct.aspx?iid=1333420&amp;cid=5842&amp;sh=0&amp;pge=0&amp;pgesize=20&amp;sort=-1&amp;clr=Pore+fessional\">ASOS<\/a> incorporaron Benefit a las marcas de belleza que venden y est\u00e1 disponible con env\u00edo gratis internacional. Espero que les haya gustado el post y me encantar\u00eda saber qu\u00e9 piensan, si les gustar\u00eda probarlo o si ya tienen la suerte de tenerlo! Muchas gracias y hasta el pr\u00f3ximo post! \ud83d\ude42<\/p>\n","protected":false},"excerpt":{"rendered":"<p>Por fin! Hace tiempo quer\u00eda hacer el review de uno de mis productos preferidos de los \u00faltimos meses: The Porefessional de Benefit. Lo compr\u00e9 en un viaje en noviembre pasado y recientemente en Chile renov\u00e9 el stock para evitar quedarme sin (#fanatica). Considero que es uno de los productos m\u00e1s codiciados, comentados y rese\u00f1ados en [&hellip;]<\/p>\n","protected":false},"author":2,"featured_media":0,"comment_status":"open","ping_status":"open","sticky":false,"template":"","format":"standard","meta":{"footnotes":""},"categories":[8,2,4,6],"tags":[106,3,762,69,814,150,139,815],"class_list":["post-4720","post","type-post","status-publish","format-standard","hentry","category-compras","category-rostro","category-make-up","category-reviews","tag-argentina","tag-benefit-cosmetics","tag-en-argentina","tag-maquillaje","tag-primer","tag-productos","tag-review","tag-the-porefessional"],"amp_enabled":true,"_links":{"self":[{"href":"https:\/\/www.hachebeauty.com.ar\/index.php?rest_route=\/wp\/v2\/posts\/4720","targetHints":{"allow":["GET"]}}],"collection":[{"href":"https:\/\/www.hachebeauty.com.ar\/index.php?rest_route=\/wp\/v2\/posts"}],"about":[{"href":"https:\/\/www.hachebeauty.com.ar\/index.php?rest_route=\/wp\/v2\/types\/post"}],"author":[{"embeddable":true,"href":"https:\/\/www.hachebeauty.com.ar\/index.php?rest_route=\/wp\/v2\/users\/2"}],"replies":[{"embeddable":true,"href":"https:\/\/www.hachebeauty.com.ar\/index.php?rest_route=%2Fwp%2Fv2%2Fcomments&post=4720"}],"version-history":[{"count":0,"href":"https:\/\/www.hachebeauty.com.ar\/index.php?rest_route=\/wp\/v2\/posts\/4720\/revisions"}],"wp:attachment":[{"href":"https:\/\/www.hachebeauty.com.ar\/index.php?rest_route=%2Fwp%2Fv2%2Fmedia&parent=4720"}],"wp:term":[{"taxonomy":"category","embeddable":true,"href":"https:\/\/www.hachebeauty.com.ar\/index.php?rest_route=%2Fwp%2Fv2%2Fcategories&post=4720"},{"taxonomy":"post_tag","embeddable":true,"href":"https:\/\/www.hachebeauty.com.ar\/index.php?rest_route=%2Fwp%2Fv2%2Ftags&post=4720"}],"curies":[{"name":"wp","href":"https:\/\/api.w.org\/{rel}","templated":true}]}}