{"id":2639,"date":"2012-02-20T20:29:06","date_gmt":"2012-02-20T23:29:06","guid":{"rendered":"http:\/\/hachebeauty.com\/?p=2639"},"modified":"2012-02-20T20:29:06","modified_gmt":"2012-02-20T23:29:06","slug":"tendencia-lo-mejor-de-nyfw-otono-2012","status":"publish","type":"post","link":"https:\/\/www.hachebeauty.com.ar\/?p=2639","title":{"rendered":"Tendencia: lo mejor de NYFW Oto\u00f1o 2012"},"content":{"rendered":"<p>Entre el 9 y 16 de febrero se desaroll\u00f3 la \u00faltima Semana de la Moda de Nueva York Oto\u00f1o 2012, en la que hubo una cantidad enorme de desfiles y presentaciones. La variedad de tendencias y propuestas de los dise\u00f1adores fue muy grande y eleg\u00ed algunos de los maquillajes, peinados y dise\u00f1os de u\u00f1as que m\u00e1s me gustaron.<\/p>\n<p><a href=\"http:\/\/hachebeauty.files.wordpress.com\/2012\/02\/jason-wu-beauty-labios-rojos.jpg\"><img loading=\"lazy\" decoding=\"async\" class=\"aligncenter size-full wp-image-2644\" title=\"jason-wu-beauty labios rojos\" src=\"http:\/\/hachebeauty.files.wordpress.com\/2012\/02\/jason-wu-beauty-labios-rojos.jpg\" alt=\"\" width=\"375\" height=\"564\" \/><\/a><\/p>\n<p>La verdad es que hubo muchos detalles que me encantaron, pero trat\u00e9 de elegir algunos para comentar y compartir en este post. Los labios rojos fueron una constante en varios de los desfiles, pero el tono que usaron las modelos de <strong>Jason Wu<\/strong> fue uno de mis preferidos. Hay que tener en cuenta que todas las tendencias presentadas por los dise\u00f1adores son para el oto\u00f1o 2012 en el Hemisferio norte, es decir que todav\u00eda falta bastante para verlas ac\u00e1. De todas formas, no soy de las que solamente usan lo que est\u00e1 de moda,\u00a0as\u00ed\u00a0que las animo a que si les parece lindo, no duden en lucirlo!<\/p>\n<p><a href=\"http:\/\/hachebeauty.files.wordpress.com\/2012\/02\/m-patmos-esmalte-nude.jpg\"><img loading=\"lazy\" decoding=\"async\" class=\"aligncenter size-full wp-image-2645\" title=\"M-Patmos esmalte nude\" src=\"http:\/\/hachebeauty.files.wordpress.com\/2012\/02\/m-patmos-esmalte-nude.jpg\" alt=\"\" width=\"490\" height=\"490\" \/><\/a><\/p>\n<p><a href=\"http:\/\/hachebeauty.files.wordpress.com\/2012\/02\/richard-chai-love-essie-polish.jpg\"><img loading=\"lazy\" decoding=\"async\" class=\"aligncenter size-full wp-image-2646\" title=\"Richard-Chai-Love essie polish\" src=\"http:\/\/hachebeauty.files.wordpress.com\/2012\/02\/richard-chai-love-essie-polish.jpg\" alt=\"\" width=\"490\" height=\"490\" \/><\/a><\/p>\n<p>Los tonos de esmaltes usados en los desfiles de <strong>Richard Chai Love y M.Patmos<\/strong> me parecieron hermosos. Si bien son notoriamente distintos, ambos son suaves y neutros. Para lograr el color deseado por M. Patmos \u00a0fue necesario mezclar diferentes productos de la marca CND: Silver Chromo como base y Putty o Dessert Suede para terminar.<\/p>\n<p><a href=\"http:\/\/hachebeauty.files.wordpress.com\/2012\/02\/zac-posen-maquillaje.jpg\"><img loading=\"lazy\" decoding=\"async\" class=\"aligncenter size-full wp-image-2648\" title=\"Zac-Posen maquillaje\" src=\"http:\/\/hachebeauty.files.wordpress.com\/2012\/02\/zac-posen-maquillaje.jpg\" alt=\"\" width=\"490\" height=\"490\" \/><\/a><\/p>\n<p>Otro de mis elegidos es el maquillaje del desfile de <strong>Zac Posen<\/strong> (observen el labial rojo tambi\u00e9n!). En la foto, la modelo Coco Rocha luce un delineado estilizado que, sin dudas, vamos a ver en editoriales y celebrities durante los pr\u00f3ximos meses. Si se fijan en detalle, el efecto no est\u00e1 logrado con un producto en gel o cremoso, sino con sombra. Es una buena opci\u00f3n para cuando queremos usar un\u00a0delineado, pero preferimos un acabo\u00a0suave.<\/p>\n<p><a href=\"http:\/\/hachebeauty.files.wordpress.com\/2012\/02\/zac-posen-makeup-1.jpg\"><img loading=\"lazy\" decoding=\"async\" class=\"aligncenter size-full wp-image-2641\" title=\"zac posen makeup 1\" src=\"http:\/\/hachebeauty.files.wordpress.com\/2012\/02\/zac-posen-makeup-1.jpg\" alt=\"\" width=\"490\" height=\"247\" \/><\/a><\/p>\n<p style=\"text-align:center;\"><a href=\"http:\/\/hachebeauty.files.wordpress.com\/2012\/02\/behnaz-sarafpour-uc3b1as.jpg\"><img loading=\"lazy\" decoding=\"async\" class=\"aligncenter size-full wp-image-2649\" title=\"Behnaz-Sarafpour u\u00f1as\" src=\"http:\/\/hachebeauty.files.wordpress.com\/2012\/02\/behnaz-sarafpour-uc3b1as.jpg\" alt=\"\" width=\"490\" height=\"490\" \/><\/a><\/p>\n<p style=\"text-align:left;\">Las u\u00f1as met\u00e1licas (efecto espejado?) del desfile de <strong>Benahz Sarafpour<\/strong> y los lunares de <strong>Kate Spade<\/strong> tambi\u00e9n estuvieron entre mis favoritos. Si bien son dos propuestas diferentes, ambas son femeninas y combinables con diferentes looks. Soy de las que piensa que hay que animarse, probar y experimentar con estilos nuevos. Podemos equivocarnos (obvio!) pero me parece que es divertido probar nuevos productos y dise\u00f1os.<\/p>\n<p style=\"text-align:center;\"><a href=\"http:\/\/hachebeauty.files.wordpress.com\/2012\/02\/kate-spade-nails-1.jpg\"><img loading=\"lazy\" decoding=\"async\" class=\"aligncenter size-full wp-image-2650\" title=\"Kate-Spade nails 1\" src=\"http:\/\/hachebeauty.files.wordpress.com\/2012\/02\/kate-spade-nails-1.jpg\" alt=\"\" width=\"490\" height=\"490\" \/><\/a><\/p>\n<p style=\"text-align:center;\"><a href=\"http:\/\/hachebeauty.files.wordpress.com\/2012\/02\/rodarte-hair-1.jpg\"><img loading=\"lazy\" decoding=\"async\" class=\"aligncenter size-full wp-image-2651\" title=\"rodarte hair 1\" src=\"http:\/\/hachebeauty.files.wordpress.com\/2012\/02\/rodarte-hair-1.jpg\" alt=\"\" width=\"490\" height=\"326\" \/><\/a><\/p>\n<p style=\"text-align:left;\">Por \u00faltimo, eleg\u00ed el peinado propuesto por <strong>Rodarte<\/strong>. Al igual que en otros desfiles, el pelo estaba armado como un falso \u00abbob\u00bb, pero el accesorio elegido fue un detalle \u00fanico. El aplique con estrellas quedaba hermoso en el cabello de todas las modelos y le dio un efecto diferente a cada look. La verdad es que me gust\u00f3 much\u00edsimo. A ustedes qu\u00e9 les pareci\u00f3?<\/p>\n<p style=\"text-align:left;\">Espero que les haya gustado el post y que me cuenten qu\u00e9 tendencia les gust\u00f3 m\u00e1s!<\/p>\n<p style=\"text-align:left;\">Gracias y sigan disfrutando del fin de semana largo \ud83d\ude42<\/p>\n<p style=\"text-align:left;\">\n","protected":false},"excerpt":{"rendered":"<p>Entre el 9 y 16 de febrero se desaroll\u00f3 la \u00faltima Semana de la Moda de Nueva York Oto\u00f1o 2012, en la que hubo una cantidad enorme de desfiles y presentaciones. La variedad de tendencias y propuestas de los dise\u00f1adores fue muy grande y eleg\u00ed algunos de los maquillajes, peinados y dise\u00f1os de u\u00f1as que [&hellip;]<\/p>\n","protected":false},"author":2,"featured_media":0,"comment_status":"open","ping_status":"open","sticky":false,"template":"","format":"standard","meta":{"footnotes":""},"categories":[15,142,586,4],"tags":[616,617,127,618,619,620,592,418,185,504,621,76,622],"class_list":["post-2639","post","type-post","status-publish","format-standard","hentry","category-cabello","category-celebrities","category-fashion","category-make-up","tag-coco-rocha","tag-desfiles","tag-esmaltes","tag-jason-wu","tag-kate-spade","tag-labios-rojos","tag-lunares","tag-nail-art","tag-nail-polish","tag-nyfw","tag-rodarte","tag-tendencia","tag-zac-posen"],"amp_enabled":true,"_links":{"self":[{"href":"https:\/\/www.hachebeauty.com.ar\/index.php?rest_route=\/wp\/v2\/posts\/2639","targetHints":{"allow":["GET"]}}],"collection":[{"href":"https:\/\/www.hachebeauty.com.ar\/index.php?rest_route=\/wp\/v2\/posts"}],"about":[{"href":"https:\/\/www.hachebeauty.com.ar\/index.php?rest_route=\/wp\/v2\/types\/post"}],"author":[{"embeddable":true,"href":"https:\/\/www.hachebeauty.com.ar\/index.php?rest_route=\/wp\/v2\/users\/2"}],"replies":[{"embeddable":true,"href":"https:\/\/www.hachebeauty.com.ar\/index.php?rest_route=%2Fwp%2Fv2%2Fcomments&post=2639"}],"version-history":[{"count":0,"href":"https:\/\/www.hachebeauty.com.ar\/index.php?rest_route=\/wp\/v2\/posts\/2639\/revisions"}],"wp:attachment":[{"href":"https:\/\/www.hachebeauty.com.ar\/index.php?rest_route=%2Fwp%2Fv2%2Fmedia&parent=2639"}],"wp:term":[{"taxonomy":"category","embeddable":true,"href":"https:\/\/www.hachebeauty.com.ar\/index.php?rest_route=%2Fwp%2Fv2%2Fcategories&post=2639"},{"taxonomy":"post_tag","embeddable":true,"href":"https:\/\/www.hachebeauty.com.ar\/index.php?rest_route=%2Fwp%2Fv2%2Ftags&post=2639"}],"curies":[{"name":"wp","href":"https:\/\/api.w.org\/{rel}","templated":true}]}}