{"id":2379,"date":"2012-01-28T00:35:00","date_gmt":"2012-01-28T03:35:00","guid":{"rendered":"http:\/\/hachebeauty.com\/?p=2379"},"modified":"2012-01-28T00:35:00","modified_gmt":"2012-01-28T03:35:00","slug":"beauty-en-san-pablo-fashion-week-dias-3-y-4","status":"publish","type":"post","link":"https:\/\/www.hachebeauty.com.ar\/?p=2379","title":{"rendered":"Beauty en San Pablo Fashion Week: d\u00edas 3 y 4"},"content":{"rendered":"<p><a href=\"http:\/\/hachebeauty.files.wordpress.com\/2012\/01\/spfw.jpg\"><img loading=\"lazy\" decoding=\"async\" class=\"aligncenter size-full wp-image-2365\" title=\"spfw\" src=\"http:\/\/hachebeauty.files.wordpress.com\/2012\/01\/spfw.jpg\" alt=\"\" width=\"490\" height=\"140\" \/><\/a><\/p>\n<p>Otro post para seguir viendo los looks que pasaron por la pasarela en la \u00faltima San Pablo Fashion Week. Como van a ver, durante los d\u00edas 3 y 4 hubo propuestas m\u00e1s art\u00edsticas y cargadas que en los d\u00edas anteriores. Empezamos?<\/p>\n<p><strong>REINALDO LOUREN\u00c7O<\/strong><\/p>\n<p><a href=\"http:\/\/hachebeauty.files.wordpress.com\/2012\/01\/dia-3-beleza-reinaldo-lourenco-spfw-inverno-2012.jpg\"><img loading=\"lazy\" decoding=\"async\" class=\"aligncenter size-full wp-image-2385\" title=\"dia 3 beleza-reinaldo-lourenco-spfw-inverno-2012\" src=\"http:\/\/hachebeauty.files.wordpress.com\/2012\/01\/dia-3-beleza-reinaldo-lourenco-spfw-inverno-2012.jpg\" alt=\"\" width=\"490\" height=\"364\" \/><\/a>Para el maquillaje del desfile de Reinaldo Louren\u00e7o usaron prouctos MAC. Los ojos ten\u00edan un delineado negro recto y luego un esfumado con sombra en forma de \u00abV\u00bb y alargado hacia afuera. En las pesta\u00f1as solo usaron arqueador y dejaron el rimmel de lado. Los labios tambi\u00e9n fueorn s\u00faper naturales. Me encant\u00f3 el color de u\u00f1as pero no s\u00e9 qu\u00e9 color es, aunque sospecho que puede ser de la marca Risqu\u00e9 (de Brasil). El cabello suelto y muy sencillo.<\/p>\n<p><strong>SAMUEL CIRNANSCK<\/strong><\/p>\n<p><a href=\"http:\/\/hachebeauty.files.wordpress.com\/2012\/01\/dia-3-3-beleza-samuel-cirnansck-spfw-inverno-2012.jpg\"><img loading=\"lazy\" decoding=\"async\" class=\"aligncenter size-full wp-image-2382\" title=\"dia 3 3-beleza-samuel-Cirnansck-spfw-inverno-2012\" src=\"http:\/\/hachebeauty.files.wordpress.com\/2012\/01\/dia-3-3-beleza-samuel-cirnansck-spfw-inverno-2012.jpg\" alt=\"\" width=\"490\" height=\"358\" \/><\/a>Los 3 looks principales del desfile de\u00a0<strong>Samuel Cirnansck <\/strong>estuvieron inspirados en aves y me gustaron much\u00edsimo. Las modelos con piel morena llevaron sombra dorada, mientras qlas rubias y coloradas usaron tonos plateados y blancos. Las pesta\u00f1as postizas, el delineador y la sombra Carbon, de MAC fueron piezas claves.<\/p>\n<p><a href=\"http:\/\/hachebeauty.files.wordpress.com\/2012\/01\/dia-3-2-beleza-samuel-cirnansck-spfw-inverno-2012.jpg\"><img loading=\"lazy\" decoding=\"async\" class=\"aligncenter size-full wp-image-2381\" title=\"dia 3 2-beleza-samuel-Cirnansck-spfw-inverno-2012\" src=\"http:\/\/hachebeauty.files.wordpress.com\/2012\/01\/dia-3-2-beleza-samuel-cirnansck-spfw-inverno-2012.jpg\" alt=\"\" width=\"490\" height=\"367\" \/><\/a>En el caso del maquillaje con blanco, las plumas usadas en la parte exterior las pesta\u00f1as le dan un efecto \u00fanico a un look diferente de lo que podemos ver normalmente.<\/p>\n<p><a href=\"http:\/\/hachebeauty.files.wordpress.com\/2012\/01\/dia-3-1-beleza-samuel-cirnansck-spfw-inverno-2012.jpg\"><img loading=\"lazy\" decoding=\"async\" class=\"aligncenter size-full wp-image-2380\" title=\"dia 3 1-beleza-samuel-Cirnansck-spfw-inverno-2012\" src=\"http:\/\/hachebeauty.files.wordpress.com\/2012\/01\/dia-3-1-beleza-samuel-cirnansck-spfw-inverno-2012.jpg\" alt=\"\" width=\"490\" height=\"365\" \/><\/a><\/p>\n<p><strong>CAVALERA<\/strong><\/p>\n<p><a href=\"http:\/\/hachebeauty.files.wordpress.com\/2012\/01\/dia-4-beleza-cavalera.jpg\"><img loading=\"lazy\" decoding=\"async\" class=\"aligncenter size-full wp-image-2386\" title=\"dia 4 Beleza-Cavalera\" src=\"http:\/\/hachebeauty.files.wordpress.com\/2012\/01\/dia-4-beleza-cavalera.jpg\" alt=\"\" width=\"490\" height=\"364\" \/><\/a><\/p>\n<p>El maquillaje de Cavalera estuvo en manos del Robert Estev\u00e3o, que eligi\u00f3 un look en el que el delineador negro fue el principal protagonista. El peinado estuvo inspirado en las cantantes de la discogr\u00e1fica Motown durante los a\u00f1os 60. En el resto de la cara apenas utilizaron una base liviana y un rubor cremoso en tono coral. La boca es naranja, pero el labial fue aplicado de forma muy sutil.<br \/>\nMe gust\u00f3, pero pienso que para adaptarlo al d\u00eda a d\u00eda es necesario hacer el delineador menos dram\u00e1tico. Qu\u00e9 opinan?<\/p>\n<p>Espero que les haya gustado el post!<\/p>\n","protected":false},"excerpt":{"rendered":"<p>Otro post para seguir viendo los looks que pasaron por la pasarela en la \u00faltima San Pablo Fashion Week. Como van a ver, durante los d\u00edas 3 y 4 hubo propuestas m\u00e1s art\u00edsticas y cargadas que en los d\u00edas anteriores. Empezamos? REINALDO LOUREN\u00c7O Para el maquillaje del desfile de Reinaldo Louren\u00e7o usaron prouctos MAC. Los [&hellip;]<\/p>\n","protected":false},"author":2,"featured_media":0,"comment_status":"open","ping_status":"open","sticky":false,"template":"","format":"standard","meta":{"footnotes":""},"categories":[15,586,4],"tags":[590,69,591,209],"class_list":["post-2379","post","type-post","status-publish","format-standard","hentry","category-cabello","category-fashion","category-make-up","tag-fashion-week-2","tag-maquillaje","tag-samuel-cirnansck","tag-spfw"],"amp_enabled":true,"_links":{"self":[{"href":"https:\/\/www.hachebeauty.com.ar\/index.php?rest_route=\/wp\/v2\/posts\/2379","targetHints":{"allow":["GET"]}}],"collection":[{"href":"https:\/\/www.hachebeauty.com.ar\/index.php?rest_route=\/wp\/v2\/posts"}],"about":[{"href":"https:\/\/www.hachebeauty.com.ar\/index.php?rest_route=\/wp\/v2\/types\/post"}],"author":[{"embeddable":true,"href":"https:\/\/www.hachebeauty.com.ar\/index.php?rest_route=\/wp\/v2\/users\/2"}],"replies":[{"embeddable":true,"href":"https:\/\/www.hachebeauty.com.ar\/index.php?rest_route=%2Fwp%2Fv2%2Fcomments&post=2379"}],"version-history":[{"count":0,"href":"https:\/\/www.hachebeauty.com.ar\/index.php?rest_route=\/wp\/v2\/posts\/2379\/revisions"}],"wp:attachment":[{"href":"https:\/\/www.hachebeauty.com.ar\/index.php?rest_route=%2Fwp%2Fv2%2Fmedia&parent=2379"}],"wp:term":[{"taxonomy":"category","embeddable":true,"href":"https:\/\/www.hachebeauty.com.ar\/index.php?rest_route=%2Fwp%2Fv2%2Fcategories&post=2379"},{"taxonomy":"post_tag","embeddable":true,"href":"https:\/\/www.hachebeauty.com.ar\/index.php?rest_route=%2Fwp%2Fv2%2Ftags&post=2379"}],"curies":[{"name":"wp","href":"https:\/\/api.w.org\/{rel}","templated":true}]}}