{"id":12965,"date":"2016-11-14T12:44:42","date_gmt":"2016-11-14T15:44:42","guid":{"rendered":"http:\/\/www.hachebeauty.com\/?p=12965"},"modified":"2016-11-14T12:44:42","modified_gmt":"2016-11-14T15:44:42","slug":"como-usar-45-looks-con-campera-de-jean","status":"publish","type":"post","link":"https:\/\/www.hachebeauty.com.ar\/?p=12965","title":{"rendered":"C\u00f3mo Usar: 45 looks con campera de jean"},"content":{"rendered":"<p>Tendencia absoluta, la vuelta de las camperas de jean es un hecho que no podemos evitar. La buena noticia es que no hay un estilo definido y pueden ser dos talles m\u00e1s grandes, hasta la cintura o xl, por debajo de las caderas. Tambi\u00e9n pueden estar bordadas o costumizadas con pines o parches, que tambi\u00e9n est\u00e1n en alta. Para quienes desempolvaron la que ten\u00edan guardada en el fondo del armario, para aquellas que nunca dejaron de usarla o para las que fueron al shopping a buscar una nueva versi\u00f3n, les propongo <strong>45 looks<\/strong> para que se inspiren y le saquen el m\u00e1ximo provecho a una prenda cl\u00e1sica.<\/p>\n<p><!--more--><br \/>\n<img loading=\"lazy\" decoding=\"async\" class=\"aligncenter size-full wp-image-12969\" src=\"http:\/\/www.hachebeauty.com\/wp-content\/uploads\/2016\/11\/como-usar-campera-de-jean-1.jpg\" alt=\"como-usar-campera-de-jean-1\" width=\"723\" height=\"400\" \/><br \/>\nComo mi campera de jean de la adolescencia qued\u00f3 en alg\u00fan rinc\u00f3n olvidado, recientemente eleg\u00ed una en H&amp;M varios talles m\u00e1s grande para poder jugar con diferentes looks.\u00a0<img loading=\"lazy\" decoding=\"async\" class=\"aligncenter size-large wp-image-12970\" src=\"http:\/\/www.hachebeauty.com\/wp-content\/uploads\/2016\/11\/como-usar-campera-de-jean-2.jpg\" alt=\"como-usar-campera-de-jean-2\" width=\"723\" height=\"400\" \/> <img loading=\"lazy\" decoding=\"async\" class=\"aligncenter size-large wp-image-12971\" src=\"http:\/\/www.hachebeauty.com\/wp-content\/uploads\/2016\/11\/como-usar-campera-de-jean-3.jpg\" alt=\"como-usar-campera-de-jean-3\" width=\"723\" height=\"400\" \/><br \/>\nMe gusta la versatilidad de la prenda y que se pueda usar en looks tan diferentes: un vestido de verano, uno de fiesta, un pantal\u00f3n de jean que amamos, una pollera l\u00e1piz o una skater.<img loading=\"lazy\" decoding=\"async\" class=\"aligncenter size-large wp-image-12972\" src=\"http:\/\/www.hachebeauty.com\/wp-content\/uploads\/2016\/11\/como-usar-campera-de-jean-4.jpg\" alt=\"como-usar-campera-de-jean-4\" width=\"723\" height=\"400\" \/> <img loading=\"lazy\" decoding=\"async\" class=\"aligncenter size-large wp-image-12973\" src=\"http:\/\/www.hachebeauty.com\/wp-content\/uploads\/2016\/11\/como-usar-campera-de-jean-5.jpg\" alt=\"como-usar-campera-de-jean-5\" width=\"723\" height=\"400\" \/><br \/>\nHay diferentes colores entre los que podemos elegir y ah\u00ed tambi\u00e9n estar\u00e1n expuestos nuestro gusto y personalidad.<img loading=\"lazy\" decoding=\"async\" class=\"aligncenter size-large wp-image-12974\" src=\"http:\/\/www.hachebeauty.com\/wp-content\/uploads\/2016\/11\/como-usar-campera-de-jean-6.jpg\" alt=\"como-usar-campera-de-jean-6\" width=\"723\" height=\"400\" \/> <img loading=\"lazy\" decoding=\"async\" class=\"aligncenter size-large wp-image-12975\" src=\"http:\/\/www.hachebeauty.com\/wp-content\/uploads\/2016\/11\/como-usar-campera-de-jean-7.jpg\" alt=\"como-usar-campera-de-jean-7\" width=\"723\" height=\"400\" \/><br \/>\nAgregarle pins o parches es una buena forma de renovar una campera de jean cl\u00e1sica o sumarle un toque personal con elementos que nos representen e identifiquen.<img loading=\"lazy\" decoding=\"async\" class=\"aligncenter size-large wp-image-12976\" src=\"http:\/\/www.hachebeauty.com\/wp-content\/uploads\/2016\/11\/como-usar-campera-de-jean-8.jpg\" alt=\"como-usar-campera-de-jean-8\" width=\"723\" height=\"400\" \/> <img loading=\"lazy\" decoding=\"async\" class=\"aligncenter size-large wp-image-12977\" src=\"http:\/\/www.hachebeauty.com\/wp-content\/uploads\/2016\/11\/como-usar-campera-de-jean-9.jpg\" alt=\"como-usar-campera-de-jean-9\" width=\"723\" height=\"400\" \/><br \/>\nEspero que se hayan inspirado con los looks! Ya tienen una campera de jean?<\/p>\n","protected":false},"excerpt":{"rendered":"<p>Tendencia absoluta, la vuelta de las camperas de jean es un hecho que no podemos evitar. La buena noticia es que no hay un estilo definido y pueden ser dos talles m\u00e1s grandes, hasta la cintura o xl, por debajo de las caderas. Tambi\u00e9n pueden estar bordadas o costumizadas con pines o parches, que tambi\u00e9n [&hellip;]<\/p>\n","protected":false},"author":2,"featured_media":12979,"comment_status":"open","ping_status":"open","sticky":false,"template":"","format":"standard","meta":{"footnotes":""},"categories":[715,586],"tags":[2285,2286,106,2287,718,2288,64,2289,634,76,124],"class_list":["post-12965","post","type-post","status-publish","format-standard","has-post-thumbnail","hentry","category-como-usar","category-fashion","tag-80s","tag-90s","tag-argentina","tag-campera-de-jean","tag-como-usar-2","tag-denim-jacket","tag-fashion","tag-jean-jacket","tag-moda","tag-tendencia","tag-verano"],"amp_enabled":true,"_links":{"self":[{"href":"https:\/\/www.hachebeauty.com.ar\/index.php?rest_route=\/wp\/v2\/posts\/12965","targetHints":{"allow":["GET"]}}],"collection":[{"href":"https:\/\/www.hachebeauty.com.ar\/index.php?rest_route=\/wp\/v2\/posts"}],"about":[{"href":"https:\/\/www.hachebeauty.com.ar\/index.php?rest_route=\/wp\/v2\/types\/post"}],"author":[{"embeddable":true,"href":"https:\/\/www.hachebeauty.com.ar\/index.php?rest_route=\/wp\/v2\/users\/2"}],"replies":[{"embeddable":true,"href":"https:\/\/www.hachebeauty.com.ar\/index.php?rest_route=%2Fwp%2Fv2%2Fcomments&post=12965"}],"version-history":[{"count":0,"href":"https:\/\/www.hachebeauty.com.ar\/index.php?rest_route=\/wp\/v2\/posts\/12965\/revisions"}],"wp:featuredmedia":[{"embeddable":true,"href":"https:\/\/www.hachebeauty.com.ar\/index.php?rest_route=\/"}],"wp:attachment":[{"href":"https:\/\/www.hachebeauty.com.ar\/index.php?rest_route=%2Fwp%2Fv2%2Fmedia&parent=12965"}],"wp:term":[{"taxonomy":"category","embeddable":true,"href":"https:\/\/www.hachebeauty.com.ar\/index.php?rest_route=%2Fwp%2Fv2%2Fcategories&post=12965"},{"taxonomy":"post_tag","embeddable":true,"href":"https:\/\/www.hachebeauty.com.ar\/index.php?rest_route=%2Fwp%2Fv2%2Ftags&post=12965"}],"curies":[{"name":"wp","href":"https:\/\/api.w.org\/{rel}","templated":true}]}}