{"id":12908,"date":"2016-10-24T12:26:57","date_gmt":"2016-10-24T15:26:57","guid":{"rendered":"http:\/\/www.hachebeauty.com\/?p=12908"},"modified":"2016-10-24T12:26:57","modified_gmt":"2016-10-24T15:26:57","slug":"mis-lentes-de-sol-favoritos-de-borsalino-eyewear","status":"publish","type":"post","link":"https:\/\/www.hachebeauty.com.ar\/?p=12908","title":{"rendered":"Mis lentes de sol favoritos de Borsalino Eyewear"},"content":{"rendered":"<p>Los lentes de sol son accesorios que usamos todo el a\u00f1o, pero el verano es la estaci\u00f3n en la que m\u00e1s los necesitamos. La variedad de formas, colores y tama\u00f1os es abrumadora y encontrar el modelo adecuado puede resultar\u00a0un desaf\u00edo. Hace algunas semanas publiqu\u00e9 un <a href=\"http:\/\/www.hachebeauty.com\/video-hb-anteojos-de-sol-para-cada-tipo-de-rostro-como-elegir\/\" target=\"_blank\" rel=\"noopener noreferrer\">video<\/a> d\u00e1ndoles algunos consejos para elegir el mejor modelo para cada tipo de rostro. En este post quiero compartirles mis modelos elegidos de la marca <a href=\"http:\/\/borsalinoweb.com\" target=\"_blank\" rel=\"noopener noreferrer\">Borsalino Eyewear<\/a>, que tienen una colecci\u00f3n bien completa y con lentes de buena calidad, que protegen nuestra vista. Espero que les guste!<\/p>\n<p><!--more--><br \/>\nLa colecci\u00f3n Verano 16-17 es s\u00faper completa, pero elegi 5 modelos que me encantaron y que creo que a ustedes tambi\u00e9n les van a gustar.<br \/>\n<img loading=\"lazy\" decoding=\"async\" class=\"aligncenter size-full wp-image-12911\" src=\"http:\/\/www.hachebeauty.com\/wp-content\/uploads\/2016\/10\/borsalino-eyewear-hache-beauty-1.jpg\" alt=\"borsalino-eyewear-hache-beauty-1\" width=\"723\" height=\"900\" \/><br \/>\nLes recomiendo que a la hora de buscar el mejor par, tengan en cuenta el tama\u00f1o y la calidad de los lentes. Busquen modelos que cubran bien los ojos y que les resulten livianos y c\u00f3modos. Si bien siempre est\u00e1 el factor decorativo, la funci\u00f3n principal del lente debe ser la protecci\u00f3n de los ojos.<br \/>\n<img loading=\"lazy\" decoding=\"async\" class=\"aligncenter size-large wp-image-12913\" src=\"http:\/\/www.hachebeauty.com\/wp-content\/uploads\/2016\/10\/borsalino-eyewear-hache-beauty-3.jpg\" alt=\"borsalino-eyewear-hache-beauty-3\" width=\"723\" height=\"450\" \/><br \/>\nEl modelo que uso casi todos los d\u00edas es CARLA COL 11, que tiene lentes bien negros, ideales para manejar o estar al sol sin fruncir el ce\u00f1o.<br \/>\n<img loading=\"lazy\" decoding=\"async\" class=\"aligncenter size-full wp-image-12914\" src=\"http:\/\/www.hachebeauty.com\/wp-content\/uploads\/2016\/10\/borsalino-eyewear-hache-beauty-4.jpg\" alt=\"borsalino-eyewear-hache-beauty-4\" width=\"723\" height=\"550\" \/>Adem\u00e1s de tener un detalle de metal al costado con un dise\u00f1o en dorado y naranja, me gustan mucho porque son f\u00e1ciles de combinar y el tama\u00f1o me protege bien los costados.<\/p>\n<p>Ustedes ya eligieron lentes de sol para la temporada?<\/p>\n","protected":false},"excerpt":{"rendered":"<p>Los lentes de sol son accesorios que usamos todo el a\u00f1o, pero el verano es la estaci\u00f3n en la que m\u00e1s los necesitamos. La variedad de formas, colores y tama\u00f1os es abrumadora y encontrar el modelo adecuado puede resultar\u00a0un desaf\u00edo. Hace algunas semanas publiqu\u00e9 un video d\u00e1ndoles algunos consejos para elegir el mejor modelo para [&hellip;]<\/p>\n","protected":false},"author":2,"featured_media":12912,"comment_status":"open","ping_status":"open","sticky":false,"template":"","format":"standard","meta":{"footnotes":""},"categories":[798,586,788],"tags":[1327,2218,2254,2255,63,2256,2222,2257,2258,2259,1504,2260,53,1736,2261,2262,124],"class_list":["post-12908","post","type-post","status-publish","format-standard","has-post-thumbnail","hentry","category-accesorios","category-fashion","category-tendencia-2","tag-anteojos","tag-borsalino","tag-borsalino-web","tag-calidad","tag-comprar","tag-eyewear","tag-gafas","tag-lente-de-sol","tag-lentes","tag-moda-elegir","tag-modelos","tag-opciones","tag-opinion","tag-regalar","tag-sun-protection","tag-sunglasses","tag-verano"],"amp_enabled":true,"_links":{"self":[{"href":"https:\/\/www.hachebeauty.com.ar\/index.php?rest_route=\/wp\/v2\/posts\/12908","targetHints":{"allow":["GET"]}}],"collection":[{"href":"https:\/\/www.hachebeauty.com.ar\/index.php?rest_route=\/wp\/v2\/posts"}],"about":[{"href":"https:\/\/www.hachebeauty.com.ar\/index.php?rest_route=\/wp\/v2\/types\/post"}],"author":[{"embeddable":true,"href":"https:\/\/www.hachebeauty.com.ar\/index.php?rest_route=\/wp\/v2\/users\/2"}],"replies":[{"embeddable":true,"href":"https:\/\/www.hachebeauty.com.ar\/index.php?rest_route=%2Fwp%2Fv2%2Fcomments&post=12908"}],"version-history":[{"count":0,"href":"https:\/\/www.hachebeauty.com.ar\/index.php?rest_route=\/wp\/v2\/posts\/12908\/revisions"}],"wp:featuredmedia":[{"embeddable":true,"href":"https:\/\/www.hachebeauty.com.ar\/index.php?rest_route=\/"}],"wp:attachment":[{"href":"https:\/\/www.hachebeauty.com.ar\/index.php?rest_route=%2Fwp%2Fv2%2Fmedia&parent=12908"}],"wp:term":[{"taxonomy":"category","embeddable":true,"href":"https:\/\/www.hachebeauty.com.ar\/index.php?rest_route=%2Fwp%2Fv2%2Fcategories&post=12908"},{"taxonomy":"post_tag","embeddable":true,"href":"https:\/\/www.hachebeauty.com.ar\/index.php?rest_route=%2Fwp%2Fv2%2Ftags&post=12908"}],"curies":[{"name":"wp","href":"https:\/\/api.w.org\/{rel}","templated":true}]}}