{"id":11515,"date":"2016-01-07T13:30:51","date_gmt":"2016-01-07T16:30:51","guid":{"rendered":"http:\/\/www.hachebeauty.com\/?p=11515"},"modified":"2016-01-07T13:30:51","modified_gmt":"2016-01-07T16:30:51","slug":"como-usar-mini-bags-mini-carteras","status":"publish","type":"post","link":"https:\/\/www.hachebeauty.com.ar\/?p=11515","title":{"rendered":"C\u00f3mo usar: mini bags &#8211; mini carteras"},"content":{"rendered":"<p>Las mujeres solemos llevar \u00abnuestra vida\u00bb en la cartera. Solo hace falta ver los videos de What\u00b4s in my bag en YouTube para saber que puede haber desde un equipo de mate, pasando por calculadoras, trilog\u00edas enteras, accesorios, perfumes y un sin fin de \u00abpor las dudas\u00bb, adem\u00e1s de los b\u00e1sicos como billetera, llaves y el celular. Sin embargo ya hace dos (o m\u00e1s) a\u00f1os que la moda nos desaf\u00eda con las mini bags. Son lindas. c\u00f3modas y nuestros hombros lo agradecen.<\/p>\n<p><!--more--><img loading=\"lazy\" decoding=\"async\" class=\"aligncenter size-full wp-image-11528\" src=\"http:\/\/www.hachebeauty.com\/wp-content\/uploads\/2016\/01\/como-usar-mini-bag-1.jpg\" alt=\"como usar mini bag 1\" width=\"723\" height=\"425\" \/>Confieso que en un primer momento tuve que hacer una selecci\u00f3n cuidadosa de lo que llevaba en mi mini bag, pero hoy ya estoy acostumbrada y desarrolle una capacidad especial para convertirlas en un tetris. Est\u00e1 bueno aprender a simplificar lo que llevamos y ponernos 5 minutos a pensar antes de cargarnos de elementos que no necesitamos (tengo que repet\u00edrmelo cada vez que salgo de casa).<br \/>\n<img loading=\"lazy\" decoding=\"async\" class=\"aligncenter size-full wp-image-11529\" src=\"http:\/\/www.hachebeauty.com\/wp-content\/uploads\/2016\/01\/como-usar-mini-bag-2.jpg\" alt=\"como usar mini bag 2\" width=\"723\" height=\"425\" \/>Como todo lo miniautura, las mini bags son tiernas y aportan frescura a un look. Se pueden usar como un complemento m\u00e1s y solo para llevar nuestras cosas, pero tambi\u00e9n pueden ser un toque de color o el elemento que defina por completo un look. Imaginen un t\u00edpico conjunto de jean y remera y zapatillas. Luego piensen c\u00f3mo se ver\u00eda con una mini bag negra llena de tachas o con una versi\u00f3n en gamuza beige y con flecos.<br \/>\nComo ven en las fotos, en un conjunto monocrom\u00e1tico o de tonos neutros, la mini bag de color genera un punto de atenci\u00f3n y le aporta personalidad a una cierta combinaci\u00f3n de prendas.<br \/>\n<img loading=\"lazy\" decoding=\"async\" class=\"aligncenter size-large wp-image-11530\" src=\"http:\/\/www.hachebeauty.com\/wp-content\/uploads\/2016\/01\/como-usar-mini-bag-3.jpg\" alt=\"como usar mini bag 3\" width=\"723\" height=\"425\" \/><br \/>\nHay mini bags que son las versiones peque\u00f1as de modelos cl\u00e1sicos y otras que nacieron para ser un hit en miniatura. Pueden ser de cuero, cuerina, gamuza, entre otros, y por lo general tienen una estructura m\u00e1s firme, por lo que el espacio es realmente limitado.<\/p>\n<p>La forma de llevarlas tambi\u00e9n puede variar. Algunas prefieren usar su mini bag <em>cruzada<\/em>, mientras que otras lo hacen <em>en un solo hombro<\/em> o <em>con la mano<\/em>. Para aquellas que son peque\u00f1as o de baja estatura, la mini carteras\u00a0resultan muy favorecedoras\u00a0porque, a diferencia de los maxi bolsos, son m\u00e1s livianas visualmente y no \u00abachican\u00bb a quien las lleva.<\/p>\n<p><img loading=\"lazy\" decoding=\"async\" class=\"aligncenter size-full wp-image-11531\" src=\"http:\/\/www.hachebeauty.com\/wp-content\/uploads\/2016\/01\/como-usar-mini-bag-4.jpg\" alt=\"como usar mini bag 4\" width=\"723\" height=\"425\" \/>Me gusta la versatilidad de las carteras peque\u00f1as, porque quedan bien con un vestido de cocktel, con el outfit para salir con amigas y con un conjunto para pasear el fin de semana. Creo que son ideales para comenzar a simplificar lo que llevamos y no cargarnos.<\/p>\n<p>Como ya les dije, visualmente son m\u00e1s livianas y los looks quedan m\u00e1s modernos y frescos. Creo que es una buena opci\u00f3n tener una de un color que nos guste mucho y que nos permita renovar algun conjunto\u00a0cl\u00e1sico. Las mini bags vivnieron para quedarse por comodidad, practicidad y estilo.<\/p>\n<p><strong>Ahora quiero que me cuenten: Ustedes tienen y usan mini bags? D\u00f3nde las compran?<\/strong><\/p>\n","protected":false},"excerpt":{"rendered":"<p>Las mujeres solemos llevar \u00abnuestra vida\u00bb en la cartera. Solo hace falta ver los videos de What\u00b4s in my bag en YouTube para saber que puede haber desde un equipo de mate, pasando por calculadoras, trilog\u00edas enteras, accesorios, perfumes y un sin fin de \u00abpor las dudas\u00bb, adem\u00e1s de los b\u00e1sicos como billetera, llaves y [&hellip;]<\/p>\n","protected":false},"author":2,"featured_media":11532,"comment_status":"open","ping_status":"open","sticky":false,"template":"","format":"standard","meta":{"footnotes":""},"categories":[798,715,586],"tags":[1777,1778,1779,1780,1781,1782,1783,1329,718,1784,1785,1786,64,1541,1787,96,1788,67,1789,1790,1791,1792,634,1793],"class_list":["post-11515","post","type-post","status-publish","format-standard","has-post-thumbnail","hentry","category-accesorios","category-como-usar","category-fashion","tag-accesories","tag-accesorio","tag-alexa-chung","tag-asesoramiento","tag-bag","tag-bolso","tag-camila-coutinho","tag-cartera","tag-como-usar-2","tag-comrpas","tag-estilo","tag-estilo-personal","tag-fashion","tag-fashionista","tag-how-to-wear","tag-ideas","tag-imagen","tag-lifestyle","tag-mini-bag","tag-mini-bolso","tag-mini-cartera","tag-miroslava-duma","tag-moda","tag-thassia-naves"],"amp_enabled":true,"_links":{"self":[{"href":"https:\/\/www.hachebeauty.com.ar\/index.php?rest_route=\/wp\/v2\/posts\/11515","targetHints":{"allow":["GET"]}}],"collection":[{"href":"https:\/\/www.hachebeauty.com.ar\/index.php?rest_route=\/wp\/v2\/posts"}],"about":[{"href":"https:\/\/www.hachebeauty.com.ar\/index.php?rest_route=\/wp\/v2\/types\/post"}],"author":[{"embeddable":true,"href":"https:\/\/www.hachebeauty.com.ar\/index.php?rest_route=\/wp\/v2\/users\/2"}],"replies":[{"embeddable":true,"href":"https:\/\/www.hachebeauty.com.ar\/index.php?rest_route=%2Fwp%2Fv2%2Fcomments&post=11515"}],"version-history":[{"count":0,"href":"https:\/\/www.hachebeauty.com.ar\/index.php?rest_route=\/wp\/v2\/posts\/11515\/revisions"}],"wp:featuredmedia":[{"embeddable":true,"href":"https:\/\/www.hachebeauty.com.ar\/index.php?rest_route=\/"}],"wp:attachment":[{"href":"https:\/\/www.hachebeauty.com.ar\/index.php?rest_route=%2Fwp%2Fv2%2Fmedia&parent=11515"}],"wp:term":[{"taxonomy":"category","embeddable":true,"href":"https:\/\/www.hachebeauty.com.ar\/index.php?rest_route=%2Fwp%2Fv2%2Fcategories&post=11515"},{"taxonomy":"post_tag","embeddable":true,"href":"https:\/\/www.hachebeauty.com.ar\/index.php?rest_route=%2Fwp%2Fv2%2Ftags&post=11515"}],"curies":[{"name":"wp","href":"https:\/\/api.w.org\/{rel}","templated":true}]}}