{"id":1037,"date":"2011-08-30T14:40:54","date_gmt":"2011-08-30T17:40:54","guid":{"rendered":"http:\/\/hachebeauty.wordpress.com\/?p=1037"},"modified":"2011-08-30T14:40:54","modified_gmt":"2011-08-30T17:40:54","slug":"los-3-consejos-del-dia","status":"publish","type":"post","link":"https:\/\/www.hachebeauty.com.ar\/?p=1037","title":{"rendered":"Los 3 consejos del d\u00eda"},"content":{"rendered":"<p>En este <em>post<\/em> comparto con ustedes <strong>tres consejos<\/strong> para tener en cuenta en todo momento! Espero que les sean \u00fatiles y que me cuenten si pusieron en pr\u00e1ctica alguno.<\/p>\n<p><a href=\"http:\/\/hachebeauty.files.wordpress.com\/2011\/08\/consejo-concealer.jpg\"><img loading=\"lazy\" decoding=\"async\" class=\"aligncenter size-full wp-image-1038\" title=\"consejo concealer\" src=\"http:\/\/hachebeauty.files.wordpress.com\/2011\/08\/consejo-concealer.jpg\" alt=\"\" width=\"490\" height=\"245\" \/><\/a><a href=\"http:\/\/hachebeauty.files.wordpress.com\/2011\/08\/consejo-cejas.jpg\"><img loading=\"lazy\" decoding=\"async\" class=\"aligncenter\" title=\"consejo cejas\" src=\"http:\/\/hachebeauty.files.wordpress.com\/2011\/08\/consejo-cejas.jpg\" alt=\"\" width=\"490\" height=\"245\" \/><\/a><a href=\"http:\/\/hachebeauty.files.wordpress.com\/2011\/08\/consejo-pestanas.jpg\"><img loading=\"lazy\" decoding=\"async\" class=\"aligncenter\" title=\"consejo pestanas\" src=\"http:\/\/hachebeauty.files.wordpress.com\/2011\/08\/consejo-pestanas.jpg\" alt=\"\" width=\"490\" height=\"245\" \/><\/a><\/p>\n<p>Pod\u00e9s hacer click en las fotos para agrandarlas!<\/p>\n","protected":false},"excerpt":{"rendered":"<p>En este post comparto con ustedes tres consejos para tener en cuenta en todo momento! Espero que les sean \u00fatiles y que me cuenten si pusieron en pr\u00e1ctica alguno. Pod\u00e9s hacer click en las fotos para agrandarlas!<\/p>\n","protected":false},"author":2,"featured_media":0,"comment_status":"open","ping_status":"open","sticky":false,"template":"","format":"standard","meta":{"footnotes":""},"categories":[4],"tags":[376,136],"class_list":["post-1037","post","type-post","status-publish","format-standard","hentry","category-make-up","tag-consejos","tag-mascara-de-pestanas"],"amp_enabled":true,"_links":{"self":[{"href":"https:\/\/www.hachebeauty.com.ar\/index.php?rest_route=\/wp\/v2\/posts\/1037","targetHints":{"allow":["GET"]}}],"collection":[{"href":"https:\/\/www.hachebeauty.com.ar\/index.php?rest_route=\/wp\/v2\/posts"}],"about":[{"href":"https:\/\/www.hachebeauty.com.ar\/index.php?rest_route=\/wp\/v2\/types\/post"}],"author":[{"embeddable":true,"href":"https:\/\/www.hachebeauty.com.ar\/index.php?rest_route=\/wp\/v2\/users\/2"}],"replies":[{"embeddable":true,"href":"https:\/\/www.hachebeauty.com.ar\/index.php?rest_route=%2Fwp%2Fv2%2Fcomments&post=1037"}],"version-history":[{"count":0,"href":"https:\/\/www.hachebeauty.com.ar\/index.php?rest_route=\/wp\/v2\/posts\/1037\/revisions"}],"wp:attachment":[{"href":"https:\/\/www.hachebeauty.com.ar\/index.php?rest_route=%2Fwp%2Fv2%2Fmedia&parent=1037"}],"wp:term":[{"taxonomy":"category","embeddable":true,"href":"https:\/\/www.hachebeauty.com.ar\/index.php?rest_route=%2Fwp%2Fv2%2Fcategories&post=1037"},{"taxonomy":"post_tag","embeddable":true,"href":"https:\/\/www.hachebeauty.com.ar\/index.php?rest_route=%2Fwp%2Fv2%2Ftags&post=1037"}],"curies":[{"name":"wp","href":"https:\/\/api.w.org\/{rel}","templated":true}]}}